{"id":925,"date":"2021-05-12T10:59:11","date_gmt":"2021-05-12T08:59:11","guid":{"rendered":"http:\/\/marjonaturel.com\/?p=925"},"modified":"2021-10-06T13:23:03","modified_gmt":"2021-10-06T11:23:03","slug":"gestion-des-emotions","status":"publish","type":"post","link":"https:\/\/marjonaturel.com\/index.php\/2021\/05\/12\/gestion-des-emotions\/","title":{"rendered":"La gestion des \u00e9motions"},"content":{"rendered":"\t\t<div data-elementor-type=\"wp-post\" data-elementor-id=\"925\" class=\"elementor elementor-925\">\n\t\t\t\t\t\t<section class=\"elementor-section elementor-top-section elementor-element elementor-element-2387e46 elementor-section-boxed elementor-section-height-default elementor-section-height-default\" data-id=\"2387e46\" data-element_type=\"section\" data-e-type=\"section\">\n\t\t\t\t\t\t<div class=\"elementor-container elementor-column-gap-default\">\n\t\t\t\t\t<div class=\"elementor-column elementor-col-100 elementor-top-column elementor-element elementor-element-80ef6e1\" data-id=\"80ef6e1\" data-element_type=\"column\" data-e-type=\"column\">\n\t\t\t<div class=\"elementor-widget-wrap elementor-element-populated\">\n\t\t\t\t\t\t<div class=\"elementor-element elementor-element-2610d50 elementor-widget elementor-widget-heading\" data-id=\"2610d50\" data-element_type=\"widget\" data-e-type=\"widget\" data-widget_type=\"heading.default\">\n\t\t\t\t<div class=\"elementor-widget-container\">\n\t\t\t\t\t<h2 class=\"elementor-heading-title elementor-size-default\">La gestion des \u00e9motions<\/h2>\t\t\t\t<\/div>\n\t\t\t\t<\/div>\n\t\t\t\t\t<\/div>\n\t\t<\/div>\n\t\t\t\t\t<\/div>\n\t\t<\/section>\n\t\t\t\t<section class=\"elementor-section elementor-top-section elementor-element elementor-element-1a588d7 elementor-section-boxed elementor-section-height-default elementor-section-height-default\" data-id=\"1a588d7\" data-element_type=\"section\" data-e-type=\"section\">\n\t\t\t\t\t\t<div class=\"elementor-container elementor-column-gap-default\">\n\t\t\t\t\t<div class=\"elementor-column elementor-col-100 elementor-top-column elementor-element elementor-element-1a6f284\" data-id=\"1a6f284\" data-element_type=\"column\" data-e-type=\"column\">\n\t\t\t<div class=\"elementor-widget-wrap elementor-element-populated\">\n\t\t\t\t\t\t<div class=\"elementor-element elementor-element-5d93bc3 elementor-widget elementor-widget-image\" data-id=\"5d93bc3\" data-element_type=\"widget\" data-e-type=\"widget\" data-widget_type=\"image.default\">\n\t\t\t\t<div class=\"elementor-widget-container\">\n\t\t\t\t\t\t\t\t\t\t\t\t\t\t\t<img fetchpriority=\"high\" decoding=\"async\" width=\"940\" height=\"940\" src=\"https:\/\/marjonaturel.com\/wp-content\/uploads\/2021\/05\/Copie-de-gestion-emotions-1024x1024.png\" class=\"attachment-large size-large wp-image-935\" alt=\"gestion des \u00e9motions\" srcset=\"https:\/\/marjonaturel.com\/wp-content\/uploads\/2021\/05\/Copie-de-gestion-emotions-1024x1024.png 1024w, https:\/\/marjonaturel.com\/wp-content\/uploads\/2021\/05\/Copie-de-gestion-emotions-300x300.png 300w, https:\/\/marjonaturel.com\/wp-content\/uploads\/2021\/05\/Copie-de-gestion-emotions-150x150.png 150w, https:\/\/marjonaturel.com\/wp-content\/uploads\/2021\/05\/Copie-de-gestion-emotions-768x768.png 768w, https:\/\/marjonaturel.com\/wp-content\/uploads\/2021\/05\/Copie-de-gestion-emotions-1536x1536.png 1536w, https:\/\/marjonaturel.com\/wp-content\/uploads\/2021\/05\/Copie-de-gestion-emotions-2048x2048.png 2048w, https:\/\/marjonaturel.com\/wp-content\/uploads\/2021\/05\/Copie-de-gestion-emotions-500x500.png 500w, https:\/\/marjonaturel.com\/wp-content\/uploads\/2021\/05\/Copie-de-gestion-emotions-800x800.png 800w, https:\/\/marjonaturel.com\/wp-content\/uploads\/2021\/05\/Copie-de-gestion-emotions-1280x1280.png 1280w, https:\/\/marjonaturel.com\/wp-content\/uploads\/2021\/05\/Copie-de-gestion-emotions-1920x1920.png 1920w, https:\/\/marjonaturel.com\/wp-content\/uploads\/2021\/05\/Copie-de-gestion-emotions-825x825.png 825w, https:\/\/marjonaturel.com\/wp-content\/uploads\/2021\/05\/Copie-de-gestion-emotions-100x100.png 100w\" sizes=\"(max-width: 940px) 100vw, 940px\" \/>\t\t\t\t\t\t\t\t\t\t\t\t\t\t\t<\/div>\n\t\t\t\t<\/div>\n\t\t\t\t\t<\/div>\n\t\t<\/div>\n\t\t\t\t\t<\/div>\n\t\t<\/section>\n\t\t\t\t<section class=\"elementor-section elementor-top-section elementor-element elementor-element-986cc13 elementor-section-boxed elementor-section-height-default elementor-section-height-default\" data-id=\"986cc13\" data-element_type=\"section\" data-e-type=\"section\">\n\t\t\t\t\t\t<div class=\"elementor-container elementor-column-gap-default\">\n\t\t\t\t\t<div class=\"elementor-column elementor-col-100 elementor-top-column elementor-element elementor-element-d8af2cb\" data-id=\"d8af2cb\" data-element_type=\"column\" data-e-type=\"column\">\n\t\t\t<div class=\"elementor-widget-wrap elementor-element-populated\">\n\t\t\t\t\t\t<div class=\"elementor-element elementor-element-12d9031 elementor-widget elementor-widget-text-editor\" data-id=\"12d9031\" data-element_type=\"widget\" data-e-type=\"widget\" data-widget_type=\"text-editor.default\">\n\t\t\t\t<div class=\"elementor-widget-container\">\n\t\t\t\t\t\t\t\t\t<p>Comment vivez-vous vos \u00e9motions\u00a0? est ce que vous les laissez parler\u00a0? ou bien est ce que vous les occultez, en les mettant sous cloche, et en vous disant\u00a0: \u00ab ce n\u2019est pas grave\u00a0! Je n\u2019ai pas le temps\u00a0! Je verrai \u00e7a plus tard\u00a0!\u00a0\u00bb<\/p><p>Savez vous que nos \u00e9motions agissent sur notre organisme, et surtout celle qui est \u00e0 la racine de toute \u00e9motion \u00ab dite n\u00e9gative\u00a0\u00bb\u00a0: la PEUR.<\/p><p>Ce type d\u2019\u00e9motion induit un \u00e9tat d\u2019anxi\u00e9t\u00e9, notre corps r\u00e9agit alors en produisant de l\u2019adr\u00e9naline. Celle-ci va augmenter nos battements de c\u0153ur, notre syst\u00e8me vasculaire se resserre et la pression art\u00e9rielle va augmenter. L\u2019adr\u00e9naline va alors d\u00e9clencher la production de produits inflammatoires. Ces inflammations chroniques dans notre m\u00e9tabolisme peuvent d\u00e9clencher des r\u00e9actions en chaine et des maladies \u00e0 la longue.<\/p><p>Pour certains canc\u00e9rologues, tel que le Dr Christian Boukaram (\u00ab\u00a0Le pouvoir anticancer des \u00e9motions\u00a0\u00bb), la peur est \u00e0 la base des \u00e9motions primaires \u00ab\u00a0n\u00e9gatives\u00a0\u00bb, comme le stress, la culpabilit\u00e9, la col\u00e8re, l\u2019inad\u00e9quation, la tristesse, l\u2019ennui, la solitude\u2026<\/p><p>Le r\u00f4le de chaque \u00e9motion est de d\u00e9signer le besoin r\u00e9prim\u00e9 et de nous indiquer la mani\u00e8re de le satisfaire. Certaines personnes peuvent fuir leurs \u00e9motions si elles n\u2019ont pas appris \u00e0 les d\u00e9coder, \u00e0 les \u00e9couter. Un d\u00e9ni \u00e9motionnel s\u2019installe, qui peut prendre diff\u00e9rentes formes, de mani\u00e8re croissante. Il peut prendre une forme psychique (frustration, d\u00e9pression\u2026) puis s\u2019y on ne l\u2019\u00e9coute toujours pas, va prendre une forme physique.<\/p><p>Il n\u2019y a pas de bonnes ou mauvaises \u00e9motions, elles font toutes partie de nous, de notre vie, les \u00ab\u00a0positives\u00a0\u00bb, comme les \u00ab\u00a0n\u00e9gatives\u00a0\u00bb. Elles sont nos indicateurs de besoin non combl\u00e9s, ou encore d\u2019\u00e9nergie qui nous pousse \u00e0 agir. En esquivant ses indicateurs, nous rompons notre \u00e9tat d\u2019\u00e9quilibre, notre hom\u00e9ostasie, et \u00e7a peut avoir des r\u00e9percussions sur notre sant\u00e9.<\/p><p>Il est important d\u2019exprimer librement toutes ses \u00e9motions, les peurs comme les joies, les r\u00e9voltes comme les excitations, les injustices comme les r\u00e9ussites. Il est juste d\u2019accueillir sans culpabilit\u00e9 les moments de d\u00e9prime, de d\u00e9couragement, car l\u2019\u00e9vacuation de ces tensions psychiques va permettre de diminuer l\u2019angoisse, et nous permettre une remise en contact avec des \u00e9motions et des pens\u00e9es plus \u00ab\u00a0positives\u00a0\u00bb.<\/p><p>Cultivons notre joie de vivre, la gratitude et la compassion, en faisant face \u00e0 nos \u00e9motions moins \u00ab\u00a0positives\u00a0\u00bb, qui \u00e9mergent du fond de nous avec courage et en vivant le moment pr\u00e9sent. Cela aura pour effet de fortifier notre syst\u00e8me immunitaire et notre capacit\u00e9 de r\u00e9silience.<\/p><p>Nos \u00e9motions sont l\u00e0 pour nous mettre en mouvement ou bien nous faire prendre un temps de repos. Ecoutons et acceptons les pour ainsi apprendre \u00e0 mieux les g\u00e9rer.<\/p>\t\t\t\t\t\t\t\t<\/div>\n\t\t\t\t<\/div>\n\t\t\t\t\t<\/div>\n\t\t<\/div>\n\t\t\t\t\t<\/div>\n\t\t<\/section>\n\t\t\t\t<\/div>\n\t\t","protected":false},"excerpt":{"rendered":"<p>La gestion des \u00e9motions Comment vivez-vous vos \u00e9motions&nbsp;? est ce que vous les laissez parler&nbsp;? ou bien est ce que vous les occultez, en les mettant sous cloche, et en vous disant&nbsp;: \u00ab ce n\u2019est<span class=\"more-button\"><a href=\"https:\/\/marjonaturel.com\/index.php\/2021\/05\/12\/gestion-des-emotions\/\" class=\"more-link\">Continue reading<span class=\"screen-reader-text\">La gestion des \u00e9motions<\/span><i class=\"fa fa-angle-right\" aria-hidden=\"true\"><\/i><\/a><\/span><\/p>\n","protected":false},"author":1,"featured_media":0,"comment_status":"open","ping_status":"open","sticky":false,"template":"","format":"standard","meta":{"_coblocks_attr":"","_coblocks_dimensions":"","_coblocks_responsive_height":"","_coblocks_accordion_ie_support":"","_uag_custom_page_level_css":"","ngg_post_thumbnail":0,"footnotes":"","_links_to":"","_links_to_target":""},"categories":[7],"tags":[],"class_list":["post-925","post","type-post","status-publish","format-standard","hentry","category-gestion-des-emotions"],"uagb_featured_image_src":{"full":false,"thumbnail":false,"medium":false,"medium_large":false,"large":false,"1536x1536":false,"2048x2048":false,"post-thumbnail":false,"chique-slider":false,"chique-featured":false,"chique-header-inner":false,"chique-hero-content":false,"chique-testimonial":false,"chique-logo":false,"chique-why-choose-us":false,"chique-portfolio":false,"awb_sm":false,"awb_md":false,"awb_lg":false,"awb_xl":false},"uagb_author_info":{"display_name":"admin5174","author_link":"https:\/\/marjonaturel.com\/index.php\/author\/admin5174\/"},"uagb_comment_info":4,"uagb_excerpt":"La gestion des \u00e9motions Comment vivez-vous vos \u00e9motions&nbsp;? est ce que vous les laissez parler&nbsp;? ou bien est ce que vous les occultez, en les mettant sous cloche, et en vous disant&nbsp;: \u00ab ce n\u2019estContinue readingLa gestion des \u00e9motions","_links":{"self":[{"href":"https:\/\/marjonaturel.com\/index.php\/wp-json\/wp\/v2\/posts\/925","targetHints":{"allow":["GET"]}}],"collection":[{"href":"https:\/\/marjonaturel.com\/index.php\/wp-json\/wp\/v2\/posts"}],"about":[{"href":"https:\/\/marjonaturel.com\/index.php\/wp-json\/wp\/v2\/types\/post"}],"author":[{"embeddable":true,"href":"https:\/\/marjonaturel.com\/index.php\/wp-json\/wp\/v2\/users\/1"}],"replies":[{"embeddable":true,"href":"https:\/\/marjonaturel.com\/index.php\/wp-json\/wp\/v2\/comments?post=925"}],"version-history":[{"count":21,"href":"https:\/\/marjonaturel.com\/index.php\/wp-json\/wp\/v2\/posts\/925\/revisions"}],"predecessor-version":[{"id":1055,"href":"https:\/\/marjonaturel.com\/index.php\/wp-json\/wp\/v2\/posts\/925\/revisions\/1055"}],"wp:attachment":[{"href":"https:\/\/marjonaturel.com\/index.php\/wp-json\/wp\/v2\/media?parent=925"}],"wp:term":[{"taxonomy":"category","embeddable":true,"href":"https:\/\/marjonaturel.com\/index.php\/wp-json\/wp\/v2\/categories?post=925"},{"taxonomy":"post_tag","embeddable":true,"href":"https:\/\/marjonaturel.com\/index.php\/wp-json\/wp\/v2\/tags?post=925"}],"curies":[{"name":"wp","href":"https:\/\/api.w.org\/{rel}","templated":true}]}}